{"id":12354,"date":"2020-02-06T14:40:46","date_gmt":"2020-02-06T12:40:46","guid":{"rendered":"https:\/\/zurnalsiepirkumi.lv\/?p=12354"},"modified":"2020-02-06T14:41:54","modified_gmt":"2020-02-06T12:41:54","slug":"vm-lugs-e-veselibas-projekta-terminu-pagarinajumu-lidz-2023-gada-decembrim","status":"publish","type":"post","link":"https:\/\/zurnalsiepirkumi.lv\/?p=12354","title":{"rendered":"VM l\u016bgs e-vesel\u012bbas projekta termi\u0146u pagarin\u0101jumu l\u012bdz 2023.gada decembrim"},"content":{"rendered":"<p>Vesel\u012bbas ministrija (VM) l\u016bgs Ministru kabinetu l\u012bdz 2023.gada 30.decembrim pagarin\u0101t e-vesel\u012bbas sist\u0113mas ievie\u0161anas termi\u0146u, a\u0123ent\u016brai LETA pav\u0113st\u012bja ministrijas p\u0101rst\u0101ve <b>Anna Strapc\u0101ne<\/b>.<\/p>\n<p>Patlaban Nacion\u0101lais vesel\u012bbas dienests (NVD) sadarb\u012bb\u0101 ar VM gatavo zi\u0146ojumu Ministru kabinetam, lai aprakst\u012btu eso\u0161o situ\u0101ciju un l\u016bgtu projekta termi\u0146a pagarin\u0101jumu, nor\u0101d\u012bja <b>Strapc\u0101ne<\/b>. Ministrija un NVD esot cie\u0161\u0101 sadarb\u012bb\u0101 ar Vides aizsardz\u012bbas un re\u0123ion\u0101las att\u012bst\u012bbas ministriju un Centr\u0101l\u0101 finan\u0161u un l\u012bgumu a\u0123ent\u016bru par projekta t\u0101l\u0101ko virz\u012bbu.<\/p>\n<p>Jau zi\u0146ots, ka intervij\u0101 TV3 vesel\u012bbas ministre <b>Ilze Vi\u0146\u0137ele<\/b> (AP) sac\u012bja: &#8220;Ja j\u016bs vaic\u0101jat, vai man ir bijusi v\u0113lme pateikt &#8220;beidzam moc\u012bties un vienk\u0101r\u0161i atz\u012bstam, ka t\u0101 [pa\u0161reiz\u0113j\u0101 e-vesel\u012bba] ir bijusi k\u013c\u016bda, izpild\u012bjums ir zemas kvalit\u0101tes un t\u0101 produkta lieto\u0161ana ir \u013coti apgr\u016btin\u0101ta,&#8221; tad j\u0101, man ir \u0161\u0101da v\u0113lme bijusi.&#8221;<\/p>\n<p>Tom\u0113r vi\u0146a uzsv\u0113ra, ka iepriek\u0161 uzb\u016bv\u0113t\u0101s sist\u0113mas att\u012bst\u012b\u0161ana tiek turpin\u0101ta, jo &#8220;Eiropas fondu finans\u0113jums uzliek noteiktus r\u0101mjus&#8221;.<\/p>\n<p>Savuk\u0101rt NVD p\u0101rst\u0101ve <b>Tanita Tamme-Zvejniece<\/b> iepriek\u0161 a\u0123ent\u016brai LETA nor\u0101d\u012bja, ka pa\u0161laik e-vesel\u012bbas tre\u0161\u0101s k\u0101rtas projekta aktivit\u0101tes tiek pl\u0101notas atbilsto\u0161i projekt\u0101 noteiktajiem termi\u0146iem, proti, 2021.gada novembrim.<\/p>\n<p>Finan\u0161u ministrijas p\u0101rst\u0101vji Saeimas Publisko izdevumu un rev\u012bzijas komisij\u0101 iepriek\u0161 inform\u0113ja, ka no Eiropas Re\u0123ion\u0101l\u0101s att\u012bst\u012bbas fonda l\u012bdzek\u013ciem t\u0101l\u0101kai e-vesel\u012bbas att\u012bst\u012bbai pa\u0161laik rezerv\u0113ti 8,5 miljoni eiro.<\/p>\n<p>T\u0101pat s\u0113d\u0113 tika uzsv\u0113rts &#8211; ja VM pied\u0101v\u0101jums finans\u0113juma izmanto\u0161anai nep\u0101rliecin\u0101s, to var\u0113tu p\u0101rvirz\u012bt citiem projektiem, lai Latvija attiec\u012bgos l\u012bdzek\u013cus nezaud\u0113tu pavisam.<\/p>\n<p>Uzklausot kl\u0101teso\u0161o viedok\u013cus, komisijas deput\u0101ti pauda ba\u017eas par e-vesel\u012bbas projekta n\u0101kotni un to, vai paredz\u0113tais finans\u0113jums tiks izlietots lietder\u012bgi.<\/p>\n<p>Komisija l\u0113ma nos\u016bt\u012bt Ministru kabinetam v\u0113stuli, aicinot piev\u0113rst \u012bpa\u0161u uzman\u012bbu tam, ka ar e-vesel\u012bbas sist\u0113mas izstr\u0101di un darb\u012bbu saist\u012bt\u0101s probl\u0113mas rada risku zaud\u0113t tai paredz\u0113to finans\u0113jumu.<\/p>\n<p>Atsp\u0113kojot deput\u0101tu kritiku, NVD direktors <b>Edgars Labsv\u012brs<\/b> teica, ka liel\u0101k\u0101s probl\u0113mas ir finans\u0113juma aizpl\u016b\u0161ana un dienesta nesp\u0113ja notur\u0113t darbiniekus. Vi\u0146\u0161 skaidroja, ka otrais faktors ir cie\u0161i saist\u012bts ar nepietiekamo atalgojumu, kas tiek pied\u0101v\u0101ts konkr\u0113t\u0101m vakanc\u0113m.<\/p>\n<p>Nesen\u0101 intervij\u0101 TV3 raid\u012bjumam &#8220;900 sekundes&#8221; NVD direktors past\u0101st\u012bja, ka tuv\u0101kajos tr\u012bs gados e-vesel\u012bbas att\u012bst\u012bb\u0101 pl\u0101nots invest\u0113t desmit miljonus eiro. Tostarp paredz\u0113ts ieguld\u012bt 5,39 miljonus eiro e-vesel\u012bbas sist\u0113mas uztur\u0113\u0161an\u0101.<\/p>\n<p><i>Pl\u0101nots ar\u012b izsludin\u0101t v\u0113l vienu iepirkumu par kop\u0113jo summu &#8211; 112 000 eiro. Iepirkuma m\u0113r\u0137is b\u016bs atrast uz\u0146\u0113mumu, kur\u0161 var\u0113tu sak\u0101rtot, k\u0101 ar\u012b atjaunin\u0101t e-vesel\u012bbas testa vidi, lai taj\u0101 b\u016btu iesp\u0113jams veikt e-vesel\u012bb\u0101 nepiecie\u0161amo uzlabojumu un jaunin\u0101jumu test\u0113\u0161anu.<\/i><\/p>\n","protected":false},"excerpt":{"rendered":"<p>Vesel\u012bbas ministrija (VM) l\u016bgs Ministru kabinetu l\u012bdz 2023.gada 30.decembrim pagarin\u0101t e-vesel\u012bbas sist\u0113mas ievie\u0161anas termi\u0146u, a\u0123ent\u016brai LETA pav\u0113st\u012bja ministrijas p\u0101rst\u0101ve <b>Anna Strapc\u0101ne<\/b>.<\/p>\n","protected":false},"author":1,"featured_media":0,"comment_status":"open","ping_status":"open","sticky":false,"template":"","format":"standard","meta":{"footnotes":""},"categories":[26,49],"tags":[],"_links":{"self":[{"href":"https:\/\/zurnalsiepirkumi.lv\/index.php?rest_route=\/wp\/v2\/posts\/12354"}],"collection":[{"href":"https:\/\/zurnalsiepirkumi.lv\/index.php?rest_route=\/wp\/v2\/posts"}],"about":[{"href":"https:\/\/zurnalsiepirkumi.lv\/index.php?rest_route=\/wp\/v2\/types\/post"}],"author":[{"embeddable":true,"href":"https:\/\/zurnalsiepirkumi.lv\/index.php?rest_route=\/wp\/v2\/users\/1"}],"replies":[{"embeddable":true,"href":"https:\/\/zurnalsiepirkumi.lv\/index.php?rest_route=%2Fwp%2Fv2%2Fcomments&post=12354"}],"version-history":[{"count":4,"href":"https:\/\/zurnalsiepirkumi.lv\/index.php?rest_route=\/wp\/v2\/posts\/12354\/revisions"}],"predecessor-version":[{"id":12358,"href":"https:\/\/zurnalsiepirkumi.lv\/index.php?rest_route=\/wp\/v2\/posts\/12354\/revisions\/12358"}],"wp:attachment":[{"href":"https:\/\/zurnalsiepirkumi.lv\/index.php?rest_route=%2Fwp%2Fv2%2Fmedia&parent=12354"}],"wp:term":[{"taxonomy":"category","embeddable":true,"href":"https:\/\/zurnalsiepirkumi.lv\/index.php?rest_route=%2Fwp%2Fv2%2Fcategories&post=12354"},{"taxonomy":"post_tag","embeddable":true,"href":"https:\/\/zurnalsiepirkumi.lv\/index.php?rest_route=%2Fwp%2Fv2%2Ftags&post=12354"}],"curies":[{"name":"wp","href":"https:\/\/api.w.org\/{rel}","templated":true}]}}