{"id":11619,"date":"2019-09-11T12:01:08","date_gmt":"2019-09-11T10:01:08","guid":{"rendered":"https:\/\/zurnalsiepirkumi.lv\/?p=11619"},"modified":"2019-09-11T12:10:46","modified_gmt":"2019-09-11T10:10:46","slug":"gadsimta-projekti-valmieras-simbolam-un-cesu-sirdij","status":"publish","type":"post","link":"https:\/\/zurnalsiepirkumi.lv\/?p=11619","title":{"rendered":"Gadsimta projekti Valmieras simbolam un C\u0113su sirdij"},"content":{"rendered":"<p><b>P\u0113rn un \u0161\u0101 gada laik\u0101 apjom\u012bgus restaur\u0101cijas darbus, visrticam\u0101k,  vien\u012bgos \u0161aj\u0101 gadsimt\u0101, veic Valmieras Sv. S\u012bma\u0146a bazn\u012bc\u0101 un C\u0113su Sv\u0113t\u0101 J\u0101\u0146a eva\u0146\u0123\u0113liski luteriskaj\u0101 bazn\u012bc\u0101.<\/b><\/p>\n<p>Par to, kas paveikts, k\u0101das biju\u0161as probl\u0113mas un k\u0101das ieceres n\u0101kotn\u0113 veicamajam, sarun\u0101 \u017eurn\u0101lam \u201cIepirkumi\u201d st\u0101sta Sv. S\u012bma\u0146a eva\u0146\u0123\u0113liski luterisk\u0101s draudzes valdes priek\u0161s\u0113d\u0113t\u0101js un C\u0113su bazn\u012bcas projekta vad\u012bt\u0101js <font color=\"red\"><b>AIN\u0100RS PASTVA<\/b><\/font>. Vi\u0146\u0161 gan uzreiz uzsv\u0113ra un reiz\u0113 palepoj\u0101s, ka projektu virz\u012bba, finans\u0113juma piesaistes darbi \u0161\u0137\u012bru\u0161ies raiti, viss noticis \u012bstaj\u0101 laik\u0101, it k\u0101 k\u0101das augst\u0101kas varas vad\u012bts: \u201cLietas k\u0101rtoj\u0101s vienk\u0101r\u0161i fantastiski. Valmierai pirm\u0101 bazn\u012bcas tor\u0146a jumta mai\u0146as projekt\u0101 no Eiropas programmas naudu iedal\u012bja vien 49 t\u016bksto\u0161us eiro, bet vajadz\u0113ja 170 t\u016bksto\u0161u. Lai projektu veiksm\u012bgi \u012bstenotu, sa\u0146\u0113m\u0101m atbalstu gan no Valmieras pa\u0161vald\u012bbas, gan ar\u012b no Latvijas Eva\u0146\u0123\u0113liski luterisk\u0101s bazn\u012bcas (LELB), savu artavu deva ar\u012b Gustava \u0100dolfa fonds, k\u0101 ar\u012b pati draudze saziedoja, bet iztr\u016bksto\u0161o summu aiz\u0146\u0113m\u0101mies no LELB.<br \/>\n<!--more--><br \/>\n<b>&#8211; Nopietns pagrieziens n\u0101ca 2014. gad\u0101, kad Kult\u016bras ministrija atbalst\u012bja Valmieras Sv. S\u012bma\u0146a eva\u0146\u0123\u0113liski luterisk\u0101s draudzes izstr\u0101d\u0101to projektu, pie\u0161\u0137irot no Eiropas Re\u0123ion\u0101l\u0101 att\u012bst\u012bbas fonda (ERAF) l\u012bdzfinans\u0113jumu nedaudz virs 49 t\u016bksto\u0161iem eiro bazn\u012bcas tor\u0146a jumta rekonstrukcijai. J\u016bs pats bij\u0101t iniciators un rakst\u012bj\u0101t ar\u012b projektu. K\u0101 rad\u0101s doma to dar\u012bt?<\/b><\/p>\n<p>&#8211; Mums ar sievu gar bazn\u012bcu ir iecien\u012bta pastaigu vieta un, redzot bazn\u012bcas nor\u016bs\u0113ju\u0161o tor\u0146a jumtu, spried\u0101m vai patie\u0161\u0101m nevar dab\u016bt vismaz tik daudz naudas, nokr\u0101sotu tor\u0146a sar\u016bs\u0113ju\u0161o jumtu. Nepag\u0101ja ilgs laiks, un draudzes m\u0101c\u012bt\u0101js Arnis Bu\u0161s aicin\u0101ja mani uz\u0146emties draudzes valdes priek\u0161s\u0113d\u0113t\u0101ja kalpo\u0161anu. Aprun\u0101joties ar domes vad\u012bbu un att\u012bst\u012bbas noda\u013cas speci\u0101listi Maiju Z\u0101lamani, izr\u0101d\u012bj\u0101s, ka tie\u0161i tobr\u012bd izsludin\u0101ta pieteik\u0161an\u0101s Eiropas programm\u0101 par sakr\u0101l\u0101 mantojuma saglab\u0101\u0161anu. Un virz\u012bba s\u0101k\u0101s: Domes speci\u0101listi \u013coti daudz pal\u012bdz\u0113ja ar padomu, pam\u0101c\u012bja, kur kas j\u0101iesniedz un p\u0101r\u0113jais jau bija tikai tehniskais darbs \u2013 atbilsto\u0161u dokumentu sagatavo\u0161ana un iesnieg\u0161ana.<\/p>\n<p><b>&#8211; \u0160\u0137iet, Valmieras dome alla\u017e sav\u0101 bud\u017eet\u0101 ar\u012b ir atv\u0113l\u0113jusi naudu bazn\u012bcai?<\/b><\/p>\n<p>&#8211; J\u0101, ir, tom\u0113r ar to pieticis vien nelieliem kosm\u0113tiskajiem remontiem un  remontdarbu projekta izstr\u0101dei, jo draudzei jau tik lielu br\u012bvu l\u012bdzek\u013cu nebija.<\/p>\n<p><b>&#8211; Preciz\u0113jot \u2013 kas tie bija par projektiem?<\/b><\/p>\n<p>&#8211; Kopum\u0101 ir tr\u012bs projekti. Bazn\u012bcas tor\u0146a renov\u0101cijai ERAF atbalsts kult\u016bras pieminek\u013cu priv\u0101t\u012bpa\u0161niekiem kult\u016bras pieminek\u013cu saglab\u0101\u0161an\u0101 un to soci\u0101lekonomisk\u0101 potenci\u0101la efekt\u012bv\u0101 izmanto\u0161an\u0101; Rietumu bankas labdar\u012bbas fonda projekts \u201cLatvijas sakr\u0101lais mantojums\u201d bazn\u012bcas gai\u013ca un lodes atjauno\u0161anai, k\u0101 ar\u012b ERAF projekts bazn\u012bcas tor\u0146a iek\u0161telpu atjauno\u0161anai aktivit\u0101t\u0113 \u201cKult\u016bra, v\u0113sture, arhitekt\u016bra Gaujas un laika lokos\u201d.<br \/>\nKop\u0113j\u0101s pirm\u0101 projektu izmaksas ir 174 t\u016bksto\u0161i eiro, ERAF l\u012bdzfinans\u0113jums, k\u0101 jau teicu \u2013 49 t\u016bksto\u0161i eiro. V\u0113l izmaks\u0101s ietverts Gustava \u0100dolfa fonda ziedojums 20 t\u016bksto\u0161u eiro, Valmieras pils\u0113tas pa\u0161vald\u012bbas ziedojums 15 t\u016bksto\u0161u eiro, Valmieras Sv. S\u012bma\u0146a draudzes ziedojumi nepilni 20 t\u016bksto\u0161i eiro, LELB ziedojums 7500 eiro un aiz\u0146\u0113mums no LELB 60&nbsp;t\u016bksto\u0161u eiro, jo ar bank\u0101m sadarboties nev\u0113l\u0113j\u0101mies. Ir pabeigti b\u016bvniec\u012bbas darbi, atjaunoti zvani un ier\u012bkota \u201cdz\u012bv\u0101 glezna\u201d izst\u0101\u017eu z\u0101l\u0113. P\u0113d\u0113jais projekts v\u0113l ir proces\u0101, jo atlikusi alt\u0101rgleznas un koka gleznojumu restaur\u0101cija. To m\u0113s var\u0113sim veikt, pateicoties papildus finans\u0113jumam, kuru mums pie\u0161\u0137\u012bra Kult\u016bras ministrija, jo esam PVN maks\u0101t\u0101ji. S\u0101kotn\u0113ji pl\u0101notaj\u0101s 170&nbsp;t\u016bksto\u0161u eiro projekta izmaks\u0101s tika ier\u0113\u0137in\u0101ts ar\u012b PVN, bet, s\u0101kot projektu, izr\u0101d\u012bj\u0101s, ka mums tas nav j\u0101maks\u0101.<\/p>\n<p><b>&#8211; K\u0101d\u0113\u013c ne?<\/b><\/p>\n<p>&#8211; Jo b\u016bvdarbiem un zvanu meistaram no Igaunijas tika piem\u0113rots 0% PVN.<\/p>\n<p><b>&#8211; K\u0101 bazn\u012bca var atdot aiz\u0146\u0113mumu?<\/b><\/p>\n<p>&#8211; R\u0113\u0137in\u0101m. M\u016bsu finan\u0161u portfelis, ja t\u0101 var teikt, ir draudzes ziedojumi, pa\u0161vald\u012bbas dot\u0101cijas un ie\u0146\u0113mumi no bazn\u012bcai piedero\u0161o nekustamo \u012bpa\u0161umu iznom\u0101\u0161anas.<\/p>\n<p><b>&#8211; Projektu \u012bsteno\u0161anai j\u016bs izsludin\u0101j\u0101t iepirkumu. K\u0101da pieredze, vai izv\u0113l\u0113j\u0101ties saimnieciski izdev\u012bg\u0101ko, jeb zem\u0101k\u0101s cenas pied\u0101v\u0101jumu?<\/b><\/p>\n<p>&#8211; M\u0113s pak\u013c\u0101v\u0101mies vis\u0101m Iepirkumu uzraudz\u012bbas biroja (IUB) noteiktaj\u0101m norm\u0101m un pras\u012bb\u0101m. Iepirkumu konkursu rezult\u0101t\u0101 izv\u0113l\u0113j\u0101mies zem\u0101k\u0101s cenas pied\u0101v\u0101jumus. Projektu \u012bsteno\u0161an\u0101 piedal\u012bj\u0101s tr\u012bs uz\u0146\u0113mumi: SIA \u201cEkers\u201d veica b\u016bvdarbus, SIA \u201cNorel IT\u201d veidoja t\u0101 saucamo \u201cdz\u012bvo gleznu\u201d, bet zvanu restaur\u0101ciju veica meistars no Igaunijas. Zvanus metin\u0101ja N\u012bderland\u0113 un koka kr\u0113slus restaur\u0113ja V\u0101cij\u0101, t\u0101 san\u0101k, ka m\u016bsu bazn\u012bcas zvani ir apce\u013coju\u0161i pusi Eiropas. Valmieras sv\u0113t\u0101 S\u012bma\u0146a bazn\u012bcas tor\u0146a rekonstrukcijas laik\u0101 tika nomain\u012bts tor\u0146a jumta segums, kur sar\u016bs\u0113ju\u0161\u0101 cinkot\u0101 sk\u0101rda viet\u0101 uzlika vara segumu, atjaunotas un nomain\u012btas satr\u016bd\u0113ju\u0161\u0101s koka konstrukcijas, ier\u012bkotas v\u0113din\u0101\u0161anas l\u016bkas jumta smail\u0113, iekl\u0101ta jauna ozolkoka gr\u012bda izst\u0101\u017eu z\u0101l\u0113, restaur\u0113tas durvis un logi, ievilkta jauna elektroinstal\u0101cija un izveidota ugunsdro\u0161\u012bbas sist\u0113ma \u2013 princip\u0101, paveikts viss dro\u0161\u012bbai un sak\u0101rtotai videi nepiecie\u0161amais. Da\u017e\u0101das v\u0113sturisk\u0101s relikvijas, kas tika atrastas remonta laik\u0101, atdev\u0101m Valmieras muzejam. Ar Rietumu bankas atbalstu restaur\u0113ta tor\u0146a lode un gailis, tos nokl\u0101jot ar zelta pl\u0101ksn\u012bt\u0113m.<\/p>\n<p><b>&#8211; Atjaunotie zvani tika iesv\u0113t\u012bti \u0161ovasar \u2013 26. j\u016blij\u0101. Tad atkl\u0101ja ar\u012b restaur\u0113to torni.<\/b><\/p>\n<p>&#8211; \u012astenojot tor\u0146a telpu atjauno\u0161anas projektu, izl\u0113m\u0101m, ka j\u0101veic ar\u012b ieplais\u0101ju\u0161o un vairs ne \u012bpa\u0161i labi skano\u0161o zvanu restaur\u0101cija. Tagad abi v\u0113sturiskie bronzas zvani ir atgriezu\u0161ies, atguvu\u0161i savu agr\u0101ko skan\u0113jumu un tos darbina autom\u0101tiski no pults, kas atrodas pirmaj\u0101 st\u0101v\u0101. Zvani darbojas divos re\u017e\u012bmos: kad tiek iezvan\u012bts un izzvan\u012bts dievkalpojums, un k\u0101 pulkstenis, iezvanot katru stundu.<\/p>\n<p><b>&#8211; Vai visas \u0161\u012b p\u0101rb\u016bves rezult\u0101t\u0101 tornis k\u013cuvis saisto\u0161\u0101ks t\u016bristiem?<\/b><\/p>\n<p>&#8211; Noteikti. Uzk\u0101p\u0161ana torn\u012b pa jaunaj\u0101m, pla\u0161aj\u0101m k\u0101pn\u0113m ir k\u013cuvusi \u0113rt\u0101ka. Skatu laukums torn\u012b, no kura paveras pla\u0161s skats uz Valmieru, ir \u013coti iecien\u012bts t\u016brisma objekts. Bie\u017ei to apmekl\u0113 ar\u012b jaunlaul\u0101tie un, protams, pils\u0113tas viesi no visas Latvijas un cit\u0101m valst\u012bm. Nojaucot padomju laikos uzb\u016bv\u0113to stikla sienu, apmekl\u0113t\u0101ji var apskat\u012bt skaist\u0101s zvanu telpas, pulkste\u0146a meh\u0101nismu, atjaunotos zvanus, uzzin\u0101t par bazn\u012bcas v\u0113sturi no \u201cdz\u012bv\u0101s gleznas\u201d person\u0101\u017ea Johana st\u0101stos tor\u0146a izst\u0101\u017eu z\u0101l\u0113 &#8211; j\u0101, var teikt, ka ieguld\u012bt\u0101s invest\u012bcijas atmaks\u0101jas. Kult\u016bras un arhitekt\u016bras v\u0113sturiskais mantojums cilv\u0113kus piesaista, dod pozit\u012bvu ekonomisko efektu un saglab\u0101 v\u0113stures pieminekli n\u0101kamaj\u0101m paaudz\u0113m.<\/p>\n<p><b>-Te noteikti j\u0101piemin \u201cdz\u012bv\u0101 glezna\u201d, kas ir \u012bpa\u0161i neparasta.  Kas t\u0101 ir un, k\u0101p\u0113c izveidota?<\/b><\/p>\n<p>&#8211; Dom\u0101jot par izst\u0101\u017eu z\u0101l\u0113 izvietojamo ekspoz\u012bciju, izl\u0113m\u0101m izveidot \u201cdz\u012bvo gleznu\u201d, kas reiz\u0113 sniegtu vizu\u0101lo liec\u012bbu par k\u0101du v\u0113sturisku person\u0101\u017eu un izst\u0101st\u012btu st\u0101stus par bazn\u012bcas v\u0113sturi. Idejas pamat\u0101 ir statiska glezna, kas atdz\u012bvojas un s\u0101k run\u0101t ar apmekl\u0113t\u0101jiem, kad tie pien\u0101k tai kl\u0101t, lai to apskat\u012btu. Glezn\u0101 att\u0113lots m\u016bsu jaunais Johans \u2013 t\u0101 nosauc\u0101m person\u0101\u017eu, kam prototips ir bazn\u012bcas remonta laik\u0101 kapen\u0113s atrastais Johana Reinholda de la Barra apbed\u012bjums. Person\u0101\u017eu film\u0113ja Vidzemes telev\u012bzija un dz\u012bvaj\u0101 tekstus ierun\u0101ja Valmieras te\u0101tra aktieris K\u0101rlis Neimanis, ideju \u012bstenoja SIA \u201cNorel IT\u201d.<\/p>\n<p><b>&#8211; Par paveikto prieks. Kas v\u0113l vajadz\u012bgs, lai pal\u012bdz\u0113tu dievnamam atg\u016bt labu izskatu?<\/b><\/p>\n<p>&#8211; T\u0101d\u0101 pla\u0161\u0101k\u0101 m\u0113rog\u0101 bazn\u012bcas piln\u012bga p\u0101rb\u016bve ir iecer\u0113ta vair\u0101kos posmos \u2013 pirmais un jau pamat\u0101 pabeigtais ir bazn\u012bcas tor\u0146a restaur\u0101cija. Otraj\u0101 posm\u0101 pl\u0101nots sak\u0101rtot bazn\u012bcas \u0101rpusi \u2013 jumtu un \u0101rsienas, un p\u0113c tam bazn\u012bcas iek\u0161pusi \u2013 atjaunojot sienu kr\u0101sojumu un saplais\u0101ju\u0161o kolonu apmetumu, darbus nosl\u0113dzot ar \u0113r\u0123e\u013cu rekonstrukciju. Tam b\u016bs vajadz\u012bgi \u013coti lieli naudas l\u012bdzek\u013ci \u2013 \u0113r\u0123el\u0113m vien vajadz\u0113s vair\u0101kus simtus t\u016bksto\u0161u eiro. Nekas, dom\u0101sim, p\u0113t\u012bsim Eiropas programmu pieejam\u012bbu un darbosimies.<br \/>\nNopietna probl\u0113ma \u0161obr\u012bd ir bazn\u012bcas jumts, kura  zieme\u013cu pus\u0113 pl\u012bst un kr\u012bt nost daksti\u0146i, un \u0161ai probl\u0113mai blakus ir otra ne maz\u0101ka \u2013 tie\u0161i t\u0101dus daksti\u0146us, k\u0101di vajadz\u012bgi, vairs Lodes r\u016bpn\u012bc\u0101 nera\u017eo. Pagaid\u0101m v\u0113l nav r\u0113\u0137in\u0101ts, cik naudas vajag visa jumta nomai\u0146ai, bet ar\u012b tie var\u0113tu b\u016bt vair\u0101ki simti t\u016bksto\u0161u eiro.<\/p>\n<p><b>&#8211; J\u016bs iemin\u0113j\u0101ties par v\u0113l ceturto projektu, ko var\u0113tu \u012bstenot dievnam\u0101.<\/b><\/p>\n<p>&#8211; \u0160is projekts v\u0113l ir izstr\u0101des stadij\u0101, bet v\u012bzija jau ir skaidra. Teicu jau, t\u0101 k\u0101 esam PVN maks\u0101t\u0101ji, Kult\u016bras ministrija at\u013c\u0101va veikt papildus darbus par ietaup\u012btajiem aptuveni 30 t\u016bksto\u0161iem eiro. T\u0101 projekta kop\u0113j\u0101s izmaksas palielin\u0101j\u0101s no 170&nbsp;t\u016bksto\u0161iem eiro uz 205&nbsp;700 eiro. Liel\u0101ko da\u013cu ieguld\u012bj\u0101m b\u016bvniec\u012bb\u0101 un atliku\u0161o da\u013cu izlietosim alt\u0101rgleznas restaur\u0101cijai. Ar to bija interesants st\u0101sts. Pieminek\u013cu aizsardz\u012bbas speci\u0101listes viz\u012btes laik\u0101 bazn\u012bc\u0101 iev\u0113roja, ka uz gleznas par\u0101d\u0101s t\u0101di k\u0101 ple\u0137\u012b\u0161i. Mums pat ieteica, lai tik stipri nep\u016b\u0161ot nost sveces, ka vasks nok\u013c\u016bst uz gleznas, ta\u010du, v\u0113r\u012bg\u0101k apskatot gleznu, izr\u0101d\u012bj\u0101s ka tie ir izvietoju\u0161ies tikai pa vienu kr\u0101sas toni. Vain\u012bga izr\u0101d\u012bj\u0101s pel\u0113juma s\u0113ne. To noteica v\u0113l\u0101k, gleznu zem mikroskopa izp\u0113t\u012bju\u0161ie restauratori. Patlaban esam sagatavoju\u0161i visu nepiecie\u0161amo dokument\u0101ciju un tuv\u0101kaj\u0101 laik\u0101 sludin\u0101sim iepirkumu.<\/p>\n<p><b>&#8211; Atjaunots ir ar\u012b bazn\u012bcas tor\u0146a pulkstenis. To jums uzrauga meistars.<\/b><\/p>\n<p>&#8211; J\u0101, pulkstenis ar\u012b ir \u013coti svar\u012bga Valmieras sv\u0113t\u0101 S\u012bma\u0146a bazn\u012bcas tor\u0146a sast\u0101vda\u013ca un par t\u0101 sekm\u012bgu laika skait\u012b\u0161anu atbild pieredz\u0113ju\u0161ais meistars Andrejs Saln\u0101js. Vi\u0146\u0161 pulksteni gan atjaunoja, gan uztur darba k\u0101rt\u012bb\u0101.<\/p>\n<p><b>&#8211; Jums Draudzes nam\u0101 ir atv\u0113rta priv\u0101tskola &#8211; pamatskola un pirmsskolas grupi\u0146a. Vai \u0161aj\u0101 \u0113k\u0101 ar\u012b nepiecie\u0161ami ieguld\u012bjumi remontiem, uztur\u0113\u0161anai?<\/b><\/p>\n<p>&#8211; Draudzes nama iek\u0161telp\u0101s savests k\u0101rt\u012bb\u0101 pats nepiecie\u0161am\u0101kais, lai tur veiksm\u012bgi var\u0113tu darboties skola, b\u0113rnud\u0101rzs un notiktu draudzes pas\u0101kumi. Ta\u010du dar\u0101m\u0101 tur v\u0113l daudz, t\u0101d\u0113\u013c mekl\u0113jam iesp\u0113jas piesaist\u012bt finans\u0113jumu ar\u012b \u0161im projektam.<\/p>\n<p><b>&#8211; Cik daudz visos realiz\u0113jamos un pl\u0101notajos projektos iedzi\u013cin\u0101s draudzes m\u0101c\u012bt\u0101ji?<\/b><\/p>\n<p>&#8211; Ne vien m\u016bsu draudzes m\u0101c\u012bt\u0101ji, bet ar\u012b LELB virsvalde ir inform\u0113ti par visu notieko\u0161o. Kad j\u0101izlemj par k\u0101du projektu, par finans\u0113jumu, ar\u012b par iepirkuma izsludin\u0101\u0161anu un l\u0113muma pie\u0146em\u0161anu, bez likum\u0101 noteikt\u0101s iepirkumu komisijas darb\u0101 iesaist\u0101s draudzes valde un draudzes padome pie\u0146em gal\u012bgos l\u0113mumus.<\/p>\n<p><b>&#8211; J\u016bs esat ar\u012b C\u0113su Sv\u0113t\u0101 J\u0101\u0146a luter\u0101\u0146u bazn\u012bcas restaur\u0101cijas projekta vad\u012bt\u0101js. K\u0101 darbi noris tur?<\/b><\/p>\n<p>&#8211; \u0160ovasar 23. august\u0101 80 metrus augstaj\u0101 tor\u0146a smail\u0113 jau atgriez\u0101s restaur\u0113tie un apzelt\u012btie dievnama v\u0113sturiskie krusts un lode, visu restaur\u0101cijas darbu pabeig\u0161ana tiek pl\u0101nota 2021.gad\u0101. Darbi tika uzs\u0101kti p\u0113rn, kaut gan par dievnam\u0101 vajadz\u012bgo run\u0101ts jau sen. 2006. gad\u0101 bija sagatavots pat projekts, ta\u010du to, pateicoties ES finans\u0113jumam, izdev\u0101s ieviest vien 2018. gad\u0101.<\/p>\n<p>Restaur\u0101cija notiek asto\u0146u&nbsp; sadarb\u012bbas partneru kop\u012bg\u0101 projekta \u201cKult\u016bra, v\u0113sture, arhitekt\u016bra Gaujas un laika lokos\u201d ietvaros. C\u0113su Sv. J\u0101\u0146a bazn\u012bcas restaur\u0101cijas projekta I k\u0101rtu&nbsp;finans\u0113 ERAF, l\u012bdzfinans\u0113jumu nodro\u0161ina C\u0113su novada pa\u0161vald\u012bba un C\u0113su Sv. J\u0101\u0146a lauku eva\u0146\u0123\u0113liski luterisk\u0101 draudze. Projekta kop\u0113j\u0101s izmaksas ir ap 1,7 miljoniem eiro, no tiem 1,38 miljoni eiro ERAF programmas finans\u0113juma.<\/p>\n<p><b>&#8211; Ar\u012b \u0161eit visu s\u0101ka ar iepirkuma proced\u016bru?<\/b><\/p>\n<p>&#8211; J\u0101, atbilsto\u0161i IUB pras\u012bb\u0101m veic\u0101m iepirkuma proced\u016bru. Iepirkumu izsludin\u0101ja C\u0113su Sv\u0113t\u0101 J\u0101\u0146a lauku eva\u0146\u0123\u0113liski luterisk\u0101 draudze un tas tiek \u012bstenots ERAF programmas \u201cIzaugsme un nodarbin\u0101t\u012bba\u201d priorit\u0101r\u0101 virziena \u201cVides&nbsp;&nbsp; aizsardz\u012bbas un resursu izmanto\u0161anas efektivit\u0101te\u201d specifisk\u0101 atbalsta m\u0113r\u0137a \u012bsteno\u0161anas noteikumu ietvaros. Pras\u012bbas bija zem\u0101k\u0101 cena. Pieteic\u0101s divi pretendenti, no kuriem izv\u0113l\u0113j\u0101mies AS \u201cB\u016bvuz\u0146\u0113mums restaurators\u201d, kam ir ar\u012b liela pieredze sakr\u0101lo \u0113ku atjauno\u0161an\u0101. Darbi sokas, ceram, ka restaur\u0101cija iek\u013causies pl\u0101notaj\u0101 bud\u017eet\u0101 un tiks pabeigta noteikt\u0101 termi\u0146\u0101.<\/p>\n<p><b>&#8211; Vai projekta \u012bsteno\u0161anas laik\u0101 gad\u012bjies ar\u012b kas neparedz\u0113ts?<\/b><\/p>\n<p>&#8211; Pirms uzs\u0101kt bazn\u012bcas fas\u0101des restaur\u0101ciju, vajadz\u0113ja ier\u012bkot hidroizol\u0101ciju un grunts\u016bde\u0146u pazemin\u0101\u0161anas dren\u0101\u017eu, lai mitrums neboj\u0101 \u0113kas sienas. S\u0101kot rak\u0161anas darbus, atkl\u0101j\u0101s liels daudzums apbed\u012bjumu. M\u0113s, protams, zin\u0101j\u0101m, ka senlaikos ap bazn\u012bc\u0101m biju\u0161as kaps\u0113tas, bet C\u0113s\u012bs atrasti jau vair\u0101k k\u0101 divi simti apbed\u012bjumu un t\u0101d\u0113\u013c arheologiem ir nepl\u0101noti liels darba apjoms. L\u012bdz ar to ar\u012b bazn\u012bc\u0101 iepl\u0101notajiem \u0101ra darbiem vajadz\u0113ja vair\u0101k laika, nek\u0101 s\u0101kotn\u0113ji dom\u0101j\u0101m. Atrastie apbed\u012bjumi tiek dokument\u0113ti un nos\u016bt\u012bti antropolo\u0123iskajai izp\u0113tei un p\u0113c tam tos atgriez\u012bs un p\u0101rapbed\u012bs bazn\u012bcas tuvum\u0101.<\/p>\n<p><b>&#8211; J\u016bs uzslav\u0113j\u0101t b\u016bvniekus, ka darbus nav p\u0101rtrauku\u0161i pat p\u0113rnaj\u0101 ziem\u0101.<\/b><\/p>\n<p>&#8211; Ziem\u0101 turpin\u0101j\u0101s grunts\u016bde\u0146u pazemin\u0101\u0161anas tran\u0161ejas rak\u0161ana, kur\u0101 arheologi str\u0101d\u0101ja visu ziemu, ar pl\u0113ves jumtu nosedzot tran\u0161eju un ar elektriskajiem sild\u012bt\u0101jiem nodro\u0161inot, lai var\u0113tu veikt izrakumus. Visiev\u0113rojam\u0101kie no darbiem b\u016bs visas bazn\u012bcas fas\u0101des un jumta atjauno\u0161ana, tiks atjaunotas bazn\u012bcas vitr\u0101\u017eas, restaur\u0113ti logi un durvis, veikta apk\u0101rtnes labiek\u0101rto\u0161ana. Patlaban jau pabeigta daksti\u0146u nomai\u0146a bazn\u012bcas jumtam Skolas ielas pus\u0113 un nokr\u0101sota da\u013ca fas\u0101des, ar\u012b tor\u0146a jumta seguma nomai\u0146a tuvojas fini\u0161am, tiek restaur\u0113tas vitr\u0101\u017eas, atjaunota bazn\u012bcas fl\u012b\u017eu gr\u012bda boj\u0101taj\u0101s viet\u0101s. Tor\u0146a iek\u0161pus\u0113 tiek veikta jaunas elektroinstal\u0101cijas un ugunsdro\u0161\u012bbas signaliz\u0101cijas ier\u012bko\u0161ana, atjaunotas koka konstrukcijas, gr\u012bdas, k\u0101pnes un atjaunots v\u0113sturiskais zvanu ce\u013c\u0161.  V\u0113l iek\u0161telp\u0101s restauratori veic v\u0113sturisko akmens kapa pl\u0101k\u0161\u0146u un piemi\u0146as z\u012bmju konserv\u0101ciju. Vienlaikus notiek darbs pie audio gida izstr\u0101des bazn\u012bcas apmekl\u0113t\u0101jiem.<\/p>\n<p><b>&#8211; Kas nosaka, k\u0101 atjaunojamas sakr\u0101l\u0101s celtnes?<\/b><\/p>\n<p>&#8211; T\u0101 k\u0101 gan Valmieras, gan C\u0113su bazn\u012bca ir valsts noz\u012bmes kult\u016bras pieminek\u013ci, visu, ko dr\u012bkst un nedr\u012bkst dar\u012bt, nosaka Nacion\u0101l\u0101 kult\u016bras mantojuma p\u0101rvalde. Ar to ar\u012b saska\u0146ojam visus projektus. P\u0101rvaldes speci\u0101listi defin\u0113, vai arhitekta izdoma un realiz\u0101cijas redz\u0113jums atbilst pras\u012bb\u0101m.<\/p>\n<p><b>&#8211; Par dievnam\u0101 veikto teikts daudz labu v\u0101rdu, ta\u010du \u012bpa\u0161a ir Valmieras Sv. S\u012bma\u0146a bazn\u012bcas pr\u0101vesta Ar\u0146a Bu\u0161a atzi\u0146a: <i>\u201cDievnamam tornis vienm\u0113r ir bijis \u013coti b\u016btisks. Tas ir atskaites punkts, kas m\u016bs sagaida un pavada. T\u0101 ir redzama, bet taj\u0101 pa\u0161\u0101 laik\u0101 gar\u012bga b\u0101ka. M\u0113s dz\u012bv\u0113 varam aizpeld\u0113t t\u0101lu, bet galvenais ir nepazaud\u0113t krastu, tas mums noteikti ir gar\u012bgs \u2013 Dieva d\u0101vin\u0101t\u0101 m\u016b\u017e\u012bba. Tornis nes b\u0101kas simbolu, gailis mums katram iedzied\u0101sies \u012bstaj\u0101 br\u012bd\u012b, lai pal\u012bdz\u0113tu atdar\u012bt acis\u201d<\/i>. Ko teiktu j\u016bs?<\/b><\/p>\n<p>&#8211; Es esmu gatavs dar\u012bt visu, kas ir manos sp\u0113kos, lai paveiktu vislab\u0101ko Valmierai, nesatraucoties par liet\u0101m, ko nevaru iespaidot, un l\u016bgt Dievu, lai dod gudr\u012bbu at\u0161\u0137irt vienu no otras. Valmiera ir manas dzimtas saknes un m\u0101jas, pils\u0113ta, par kuru r\u016bp\u0113\u0161os p\u0113c lab\u0101k\u0101s sirdsapzi\u0146as.<\/p>\n<p><b><span style=\"color: #2d5986; font-size: medium;\">UZZI\u0145A<\/span><\/b><\/p>\n<ul><b>Valmieras Sv. S\u012bma\u0146a bazn\u012bca<\/b><\/p>\n<li> Viens no vec\u0101kajiem Latvijas dievnamiem. Uzb\u016bv\u0113ts 1283. gad\u0101 un nosaukumu ieguvis no iesv\u0113t\u012b\u0161anas dien\u0101 \u2013 28. oktobr\u012b \u2013 atz\u012bm\u0113jamiem v\u0101rdiem: S\u012bmanis un J\u016bda;<\/li>\n<li> V\u0113sturnieku domas gan dal\u0101s &#8211; vieni uzskata, ka S\u012bma\u0146a bazn\u012bca celta jau ap 1224. gadu, citi, ka ap 1231. gadu. Lai nu k\u0101, patlaban dievnams ir Valmieras simbols, bet sv\u0113t\u0101 S\u012bma\u0146a draudze viena no liel\u0101kaj\u0101m Latvij\u0101;<\/li>\n<li>  Bazn\u012bca atz\u012bta ar\u012b par Valsts noz\u012bmes arhitekt\u016bras pieminekli.<br \/>\nPadomju varas gados, kad vairumu Latvijas bazn\u012bcu p\u0101rv\u0113rta par miner\u0101lm\u0113slu noliktav\u0101m, Valmieras dievnamu at\u013c\u0101va izmantot par koncertz\u0101li.<\/li>\n<\/ul>\n<ul><b>C\u0113su Sv\u0113t\u0101 J\u0101\u0146a eva\u0146\u0123\u0113liski luterisk\u0101 bazn\u012bca<\/b><\/p>\n<li> Viena no vec\u0101kaj\u0101m gotiskaj\u0101m m\u016bra bazn\u012bc\u0101m Latvij\u0101 un liel\u0101k\u0101 viduslaiku bazilika Latvij\u0101 \u0101rpus R\u012bgas;<\/li>\n<li> Bazn\u012bca uzb\u016bv\u0113ta 13. gadsimta otraj\u0101 pus\u0113 un velt\u012bta J\u0101nim Krist\u012bt\u0101jam. T\u0101 iesv\u0113t\u012bta 1284. gada 24. j\u016bnij\u0101 k\u0101 Livonijas orde\u0146a Doma bazn\u012bca;<\/li>\n<li> Neraugoties uz sp\u0113ku, ar k\u0101du gadsimtus tur\u0113ju\u0161\u0101s varen\u0101s celtnes, laika zobs ne\u017e\u0113l\u012bgi pras\u012bjis savu artavu. Liel\u0101ki un maz\u0101ki remonti, protams, ir veikti, tom\u0113r pie pr\u0101v\u0101kiem ieguld\u012bjumiem bazn\u012bcas nav tiku\u0161as.<\/li>\n<\/ul>\n","protected":false},"excerpt":{"rendered":"<p>P\u0113rn un \u0161\u0101 gada laik\u0101 apjom\u012bgus restaur\u0101cijas darbus, visticam\u0101k, vien\u012bgos \u0161aj\u0101 gadsimt\u0101, veic Valmieras Sv. S\u012bma\u0146a bazn\u012bc\u0101 un C\u0113su Sv\u0113t\u0101 J\u0101\u0146a eva\u0146\u0123\u0113liski luteriskaj\u0101 bazn\u012bc\u0101. Par to, kas paveikts, k\u0101das biju\u0161as probl\u0113mas un k\u0101das ieceres n\u0101kotn\u0113 veicamajam, sarun\u0101 \u017eurn\u0101lam \u201cIepirkumi\u201d st\u0101sta Sv. S\u012bma\u0146a eva\u0146\u0123\u0113liski luterisk\u0101s draudzes valdes priek\u0161s\u0113d\u0113t\u0101js un C\u0113su bazn\u012bcas projekta vad\u012bt\u0101js AIN\u0100RS PASTVA.<\/p>\n","protected":false},"author":1,"featured_media":0,"comment_status":"open","ping_status":"open","sticky":false,"template":"","format":"standard","meta":{"footnotes":""},"categories":[95],"tags":[],"_links":{"self":[{"href":"https:\/\/zurnalsiepirkumi.lv\/index.php?rest_route=\/wp\/v2\/posts\/11619"}],"collection":[{"href":"https:\/\/zurnalsiepirkumi.lv\/index.php?rest_route=\/wp\/v2\/posts"}],"about":[{"href":"https:\/\/zurnalsiepirkumi.lv\/index.php?rest_route=\/wp\/v2\/types\/post"}],"author":[{"embeddable":true,"href":"https:\/\/zurnalsiepirkumi.lv\/index.php?rest_route=\/wp\/v2\/users\/1"}],"replies":[{"embeddable":true,"href":"https:\/\/zurnalsiepirkumi.lv\/index.php?rest_route=%2Fwp%2Fv2%2Fcomments&post=11619"}],"version-history":[{"count":5,"href":"https:\/\/zurnalsiepirkumi.lv\/index.php?rest_route=\/wp\/v2\/posts\/11619\/revisions"}],"predecessor-version":[{"id":11683,"href":"https:\/\/zurnalsiepirkumi.lv\/index.php?rest_route=\/wp\/v2\/posts\/11619\/revisions\/11683"}],"wp:attachment":[{"href":"https:\/\/zurnalsiepirkumi.lv\/index.php?rest_route=%2Fwp%2Fv2%2Fmedia&parent=11619"}],"wp:term":[{"taxonomy":"category","embeddable":true,"href":"https:\/\/zurnalsiepirkumi.lv\/index.php?rest_route=%2Fwp%2Fv2%2Fcategories&post=11619"},{"taxonomy":"post_tag","embeddable":true,"href":"https:\/\/zurnalsiepirkumi.lv\/index.php?rest_route=%2Fwp%2Fv2%2Ftags&post=11619"}],"curies":[{"name":"wp","href":"https:\/\/api.w.org\/{rel}","templated":true}]}}